{"id":13404,"date":"2022-04-20T10:51:23","date_gmt":"2022-04-20T08:51:23","guid":{"rendered":"https:\/\/www.smith.care\/?p=13404"},"modified":"2022-04-22T14:08:30","modified_gmt":"2022-04-22T12:08:30","slug":"smith-auf-der-dmea-2022","status":"publish","type":"post","link":"https:\/\/www.smith.care\/de\/2022\/04\/20\/smith-auf-der-dmea-2022\/","title":{"rendered":"SMITH auf der DMEA 2022"},"content":{"rendered":"<p>Die letzten zwei Jahre Pandemie haben noch einmal zus\u00e4tzlich bewiesen, wie viel Potenzial in der Digitalisierung der Medizin steckt und wie wichtig eine standort\u00fcbergreifend vernetzte Gesundheits-IT-Infrastruktur f\u00fcr eine umfassendere und effektivere Gesundheitsversorgung ist. Der Vernetzung von Forschung und Versorgung kam in dieser Zeit damit eine v\u00f6llig neue Bedeutung zu. Deshalb ist es umso wichtiger, dass diejenigen, die die Digitalisierung im Gesundheitswesen vorantreiben, in einem st\u00e4ndigen Austausch miteinander stehen. Hierf\u00fcr treffen sich vom 26. bis zum 28. April Digital Health-Expertinnen und Experten auf der DMEA, Europas gr\u00f6\u00dfter Veranstaltung f\u00fcr die digitale Gesundheitsversorgung. Nachdem die Veranstaltung zwei Jahre lang online stattfand, werden in den Berliner Messehallen dieses Mal nun wieder \u201elive\u201c drei Tage lang Innovationen und M\u00f6glichkeiten der Digitalen Medizin vorgestellt und diskutiert.<\/p>\n<p>Auch dieses Jahr sind Partner sowie Akteurinnen und Akteure des SMITH-Konsortiums mit Messest\u00e4nden und Vortr\u00e4gen vertreten.<\/p>\n<p>Das SMITH-Konsortium verfolgt als eines von vier Konsortien der Medizininformatik-Initiative (MII) das Ziel, Patientendaten, die w\u00e4hrend eines Klinikaufenthaltes entstehen, standort\u00fcbergreifend digital zu vernetzen und somit der klinischen und biomedizinischen Forschung zug\u00e4nglich zu machen.<\/p>\n<p>Die SMITH-Partner <a href=\"https:\/\/dmea.de\/de\/about\/ausstellerverzeichnis\/#\/detail\/id-gmbh-co-kgaa--31258634\">ID Berlin<\/a>, <a href=\"https:\/\/dmea.de\/de\/about\/ausstellerverzeichnis\/#\/detail\/tmf-technologie-u-methodenplattform-f-r-die-vernetzte-medizinische-forschung-e-v--31170249\">TMF-Technologie- und Methodenplattform f\u00fcr die vernetzte medizinische Forschung<\/a>, <a href=\"https:\/\/www.ukaachen.de\/\">Uniklinik RWTH Aachen<\/a>, <a href=\"https:\/\/dmea.de\/de\/about\/ausstellerverzeichnis\/#\/detail\/averbis-gmbh--31387616\">Averbis<\/a>, <a href=\"https:\/\/dmea.de\/de\/about\/ausstellerverzeichnis\/#\/detail\/m-rz-internetwork-services-ag--31147322\">M\u00e4rz<\/a> sowie das <a href=\"https:\/\/dmea.de\/de\/about\/ausstellerverzeichnis\/#\/detail\/ztg-zentrum-f-r-telematik-und-telemedizin-gmbh--31092395\">ZTG Zentrum f\u00fcr Telematik und Telemedizin GmbH<\/a> legen an ihren Messest\u00e4nden Informationsmaterialien zu SMITH aus.<\/p>\n<p><strong>Zudem werden Mitarbeitende und Partner des SMITH-Konsortiums mit vielf\u00e4ltigen Beitr\u00e4gen in den unterschiedlichsten Formaten pr\u00e4sent sein<\/strong>.<\/p>\n<p><strong>Eine \u00dcbersicht zu den Beitr\u00e4gen der SMITH-Partner finden Sie hier:<\/strong><\/p>\n<p>26.04.2022 | 15:20 \u2013 16:20 Uhr | Stage B, Halle 5.2<br \/>\n<strong>Ambitionierter Regierungsplan trifft Zukunftsvision \u2013 Ein Gedankenexperiment<\/strong><br \/>\nPanelsession | Speaker: u.a. Prof. Dr. Gernot Marx, Direktor der Klinik f\u00fcr Operative Intensivmedizin und Intermediate Care Uniklinik RWTH Aachen | Universit\u00e4tsklinikum RWTH Aachen<br \/>\n<a href=\"https:\/\/www.dmea.de\/de\/programm\/gesamtprogramm\/#\/event\/ambitionierter-regierungsplan-trifft-zukunftsvision-ein-gedankenexperiment--ed_15\" target=\"_blank\" rel=\"noopener\">Weitere Informationen<\/a><\/p>\n<p>27.04.2022 | 10:15 \u2013 10:55 Uhr\u00a0| Hub 2, Halle 3.2<br \/>\n<strong>SNOMED CT \u2013 Von der Theorie in die Praxis <\/strong><br \/>\nPanelsession | Moderation: Dr. Daniel Diekmann, Gesch\u00e4ftsf\u00fchrung| ID GmbH &amp; Co. KGaA<br \/>\nSpeaker: u.a. Thomas Dehne, Leiter Gesch\u00e4ftsbereich IT | Universit\u00e4tsmedizin Rostock<br \/>\n<a href=\"https:\/\/www.dmea.de\/de\/programm\/gesamtprogramm\/#\/event\/snomed-ct-von-der-theorie-in-die-praxis--ed_18\" target=\"_blank\" rel=\"noopener\">Weitere Informationen<\/a><\/p>\n<p>27.04.2022 | 13:35 \u2013 15:05 Uhr | Stage B, Halle 5.2<br \/>\n<strong>Digitalisierung in der Pflege \u2013 nicht nur im Krankenhaus<\/strong><br \/>\nKongress | Speaker: u.a. Armin de Greiff, Technischer Direktor Zentrale IT | Universit\u00e4tsklinikum Essen<br \/>\n<a href=\"https:\/\/www.dmea.de\/de\/programm\/gesamtprogramm\/#\/event\/kongress-digitalisierung-in-der-pflege-nicht-nur-im-krankenhaus-de-en--ed_9\" target=\"_blank\" rel=\"noopener\">Weitere Informationen<\/a><\/p>\n<p>28.04.2022 | 11:15 \u2013 11:55 Uhr | Hub 2, Halle 3.2<br \/>\n<strong>KHZG \u2013 Was muss jetzt getan werden?<\/strong><br \/>\nPanelsession | Speaker: u.a. Dr. Anke Diehl, Chief Transformation Officerin | Uniklinikum Essen<br \/>\n<a href=\"https:\/\/www.dmea.de\/de\/programm\/gesamtprogramm\/#\/event\/khzg-was-muss-jetzt-getan-werden--ed_21\" target=\"_blank\" rel=\"noopener\">Weitere Informationen<\/a><\/p>\n<p>28.04.2022 | 11:15 \u2013 12:45 Uhr | Stage B, Halle 5.2<br \/>\n<strong>Vernetzte Versorgung 2022: Schaffen wir es jetzt endlich?<\/strong><br \/>\nKongress | Moderation: u.a. Dr. Daniel Diekmann, Gesch\u00e4ftsf\u00fchrung | ID GmbH &amp; Co. KGaA<br \/>\n<a href=\"https:\/\/dmea.de\/de\/programm\/gesamtprogramm\/#\/event\/kongress-vernetzte-versorgung-2022-schaffen-wir-es-jetzt-endlich-de-en--ed_12\" target=\"_blank\" rel=\"noopener\">Weitere Informationen<\/a><\/p>\n<p>28.04.2022 | 11:15 \u2013 12:45 Uhr | Stage A, Halle 6.2<br \/>\n<strong>Semantische Interoperabilit\u00e4t<\/strong><br \/>\nKongress | Speaker: u.a. Andr\u00e9 Sander, Leiter technische Entwicklung, Prokurist | ID GmbH &amp; Co. KGaA<br \/>\nModeration: u.a. Sebastian Claudius Semler, Gesch\u00e4ftsf\u00fchrer | TMF \u2013 Technologie- und Methodenplattform f\u00fcr die vernetzte medizinische Forschung e.V.<br \/>\n<a href=\"https:\/\/www.dmea.de\/de\/programm\/gesamtprogramm\/#\/event\/kongress-semantische-interoperabilit-t-de-en--ed_11\" target=\"_blank\" rel=\"noopener\">Weitere Informationen<\/a><\/p>\n<p>28.04.2022 | 13:35 \u2013 15:05 Uhr | Stage A, Halle 6.2<br \/>\n<strong>Einsatz k\u00fcnstlicher Intelligenz in der medizinischen Versorgung<\/strong><br \/>\nKongress | Moderation: Prof. Dr. Cord Spreckelsen, Professor f\u00fcr Medizinische Informatik | Universit\u00e4tsklinikum Jena<br \/>\n<a href=\"https:\/\/www.dmea.de\/de\/programm\/gesamtprogramm\/#\/event\/kongress-einsatz-k-nstlicher-intelligenz-in-der-medizinischen-versorgung-de-en--ed_13\" target=\"_blank\" rel=\"noopener\">Weitere Informationen<\/a><\/p>\n<p>Die Medizininformatik-Initiative selbst pr\u00e4sentiert sich am 26. April von 17 bis 18 Uhr in einer eigenen Session. In dem Vortrag <a href=\"https:\/\/www.dmea.de\/de\/programm\/gesamtprogramm\/#\/event\/medizininformatik-initiative-herzst-ck-der-datenbasierten-gesundheitsforschung-in-deutschland--e_67\" target=\"_blank\" rel=\"noopener\"><strong>\u201eMedizininformatik-Initiative: Herzst\u00fcck der datenbasierten Gesundheitsforschung in Deutschland\u201c<\/strong><\/a> werden die in der aktuellen F\u00f6rderphase (2018-2022) erzielten Ergebnisse der MII vorgestellt sowie die Patientenpartizipation in der Initiative thematisiert.<\/p>\n<p>Weitere Informationen zu der DMEA finden Sie <a href=\"https:\/\/dmea.de\/de\/\" target=\"_blank\" rel=\"noopener\">hier<\/a>.<\/p>\n","protected":false},"excerpt":{"rendered":"<p>Die letzten zwei Jahre Pandemie haben noch einmal zus\u00e4tzlich bewiesen, wie viel Potenzial in der Digitalisierung der Medizin steckt und wie wichtig eine standort\u00fcbergreifend vernetzte Gesundheits-IT-Infrastruktur f\u00fcr eine umfassendere und effektivere Gesundheitsversorgung ist. Der Vernetzung von Forschung und Versorgung kam in dieser Zeit damit eine&#8230;<\/p>\n","protected":false},"author":5,"featured_media":13405,"comment_status":"closed","ping_status":"closed","sticky":false,"template":"","format":"standard","meta":{"footnotes":""},"categories":[1],"tags":[],"class_list":["post-13404","post","type-post","status-publish","format-standard","has-post-thumbnail","hentry","category-neuigkeiten"],"_links":{"self":[{"href":"https:\/\/www.smith.care\/de\/wp-json\/wp\/v2\/posts\/13404","targetHints":{"allow":["GET"]}}],"collection":[{"href":"https:\/\/www.smith.care\/de\/wp-json\/wp\/v2\/posts"}],"about":[{"href":"https:\/\/www.smith.care\/de\/wp-json\/wp\/v2\/types\/post"}],"author":[{"embeddable":true,"href":"https:\/\/www.smith.care\/de\/wp-json\/wp\/v2\/users\/5"}],"replies":[{"embeddable":true,"href":"https:\/\/www.smith.care\/de\/wp-json\/wp\/v2\/comments?post=13404"}],"version-history":[{"count":7,"href":"https:\/\/www.smith.care\/de\/wp-json\/wp\/v2\/posts\/13404\/revisions"}],"predecessor-version":[{"id":13551,"href":"https:\/\/www.smith.care\/de\/wp-json\/wp\/v2\/posts\/13404\/revisions\/13551"}],"wp:featuredmedia":[{"embeddable":true,"href":"https:\/\/www.smith.care\/de\/wp-json\/wp\/v2\/media\/13405"}],"wp:attachment":[{"href":"https:\/\/www.smith.care\/de\/wp-json\/wp\/v2\/media?parent=13404"}],"wp:term":[{"taxonomy":"category","embeddable":true,"href":"https:\/\/www.smith.care\/de\/wp-json\/wp\/v2\/categories?post=13404"},{"taxonomy":"post_tag","embeddable":true,"href":"https:\/\/www.smith.care\/de\/wp-json\/wp\/v2\/tags?post=13404"}],"curies":[{"name":"wp","href":"https:\/\/api.w.org\/{rel}","templated":true}]}}