{"id":15123,"date":"2022-07-29T11:48:07","date_gmt":"2022-07-29T09:48:07","guid":{"rendered":"https:\/\/www.smith.care\/?p=15123"},"modified":"2022-07-29T11:48:08","modified_gmt":"2022-07-29T09:48:08","slug":"mii-symposium-2022-jetzt-anmelden","status":"publish","type":"post","link":"https:\/\/www.smith.care\/de\/2022\/07\/29\/mii-symposium-2022-jetzt-anmelden\/","title":{"rendered":"MII-Symposium 2022: Jetzt anmelden!"},"content":{"rendered":"<p><strong>5.-6. Oktober 2022 | dbb forum Berlin<\/strong><\/p>\n<p>Unter dem Motto &#8222;Vernetzen. Forschen. Heilen. &#8211; Bilanz und Perspektive&#8220; findet am 5. und 6. Oktober 2022 im dbb forum berlin das Symposium der Medizininformatik-Initiative statt. Mehr als 20 hochrangige Referentinnen und Referenten aus der Universit\u00e4tsmedizin und Forschungspolitik geben an den zwei Tagen einen \u00dcberblick \u00fcber die in der aktuellen F\u00f6rderphase (2018-2022) erzielten Ergebnisse der Initiative und einen Ausblick auf anstehende Herausforderungen in der kommenden Phase (2023-2026). Dabei wird die Vernetzung mit weiteren Initiativen und Akteuren im Fokus stehen, um die Digitalisierung in der Gesundheitsforschung fl\u00e4chendeckend zu erreichen.<\/p>\n<p>In der MII arbeiten Wissenschaftlerinnen und Wissenschaftler aus Medizin, Informatik und weiteren Fachrichtungen der deutschen Universit\u00e4tskliniken in vier Konsortien zusammen. Ihr Ziel ist es, die Patientendaten, die w\u00e4hrend eines Klinikaufenthalts entstehen, bundesweit digital zu vernetzen. So kann mit diesen Daten geforscht werden, um Krankheiten zuk\u00fcnftig schneller und besser behandeln zu k\u00f6nnen. Das Bundesministerium f\u00fcr Bildung und Forschung (BMBF) f\u00f6rdert die MII bislang mit rund 300 Millionen Euro.<\/p>\n<p>Die TMF \u2013 Technologie- und Methodenplattform f\u00fcr die vernetzte medizinische Forschung e.V. leitet die MII-Koordinationsstelle, die sie gemeinsam mit dem Medizinischen Fakult\u00e4tentag (MFT) und dem Verband der Universit\u00e4tsklinika Deutschlands e.V. (VUD) betreibt.<\/p>\n<p>Bundesweit wurden an den Unikliniken im Rahmen der MII Datenintegrationszentren errichtet. Die dezentral-f\u00f6derierte Forschungsdateninfrastruktur soll der Wissenschaft ein breites Spektrum medizinischer Daten datenschutzkonform bereitstellen. Die Forschungsergebnisse sollen direkt in die Versorgung zur\u00fcckflie\u00dfen, damit Patientinnen und Patienten unmittelbar von den Erkenntnissen profitieren k\u00f6nnen.<\/p>\n<p>Alle Interessierten sind herzlich eingeladen, am MII-Symposium teilzunehmen.<br \/>Die Auftaktrede h\u00e4lt Mario Brandenburg, Parlamentarischer Staatssekret\u00e4r bei der Bundesministerin f\u00fcr Bildung und Forschung. Keynote Speaker sind Dr. Katrin Crameri, MPH, Swiss Personalized Health Network (SPHN), Prof. Anne Moen, University of Oslo und Prof. Lars M. Steinmetz, Stanford University.<\/p>\n<p><strong>Die zweit\u00e4gige Veranstaltung bietet folgende Programm-Sessions:<\/strong><\/p>\n<p><strong>Tag 1: Mittwoch, 5. Oktober 2022, 10:00 &#8211; 18:15 Uhr<\/strong><\/p>\n<p>1. Die MII als Herzst\u00fcck der datenbasierten Gesundheitsforschung in Deutschland<br \/>2. Wie k\u00f6nnen Forschende Daten im Rahmen der MII nutzen?<br \/>3. Vernetzung der MII: von den Unikliniken zum ambulanten und regionalen Bereich<br \/>4. Digitalisierung der Medizin f\u00fcr eine bessere Patientenversorgung: klinische Anwendungsf\u00e4lle in der MII<\/p>\n<p>Get-together: 5. Oktober 2022, ab 18:30 Uhr<\/p>\n<p><strong>Tag 2: Donnerstag, 6. Oktober 2022, 09:00 &#8211; 14:30 Uhr<\/strong><\/p>\n<p>5. Patientenpartizipation in der MII<br \/>6. Paneldiskussion: Politische Rahmenbedingungen f\u00fcr die Nutzung medizinischer Daten f\u00fcr die Forschung<br \/>7. Medizininformatik als zukunftsweisendes Forschungsfeld: Nachwuchsgruppen in der MII<\/p>\n<p>Das vollst\u00e4ndige Programm finden Sie <a href=\"https:\/\/www.medizininformatik-initiative.de\/de\/mii-symposium-2022\" target=\"_blank\" rel=\"noopener\">hier<\/a>.<\/p>\n<p><strong>Organisatorisches:<\/strong><br \/>\u2022 Die Teilnahme am MII-Symposium 2022 ist kostenfrei. Eine Anmeldung ist notwendig. Die Platzzahl ist begrenzt.<br \/>\u2022 Die Veranstaltung ist in Pr\u00e4senzform geplant.<br \/>\u2022 Die Kongresssprache ist Deutsch. Einzelne Keynotes werden auf Englisch gehalten.<\/p>\n<p>Hier geht es zur <a href=\"https:\/\/eveeno.com\/327340430\" target=\"_blank\" rel=\"noopener\">Anmeldung<\/a>.<\/p>\n\n\n<p><\/p>\n","protected":false},"excerpt":{"rendered":"<p>Unter dem Motto &#8222;Vernetzen. Forschen. Heilen. &#8211; Bilanz und Perspektive&#8220; findet am 5. und 6. Oktober 2022 im dbb forum berlin das Symposium der Medizininformatik-Initiative statt.<\/p>\n","protected":false},"author":5,"featured_media":15121,"comment_status":"closed","ping_status":"closed","sticky":false,"template":"","format":"standard","meta":{"footnotes":""},"categories":[1],"tags":[],"class_list":["post-15123","post","type-post","status-publish","format-standard","has-post-thumbnail","hentry","category-neuigkeiten"],"_links":{"self":[{"href":"https:\/\/www.smith.care\/de\/wp-json\/wp\/v2\/posts\/15123","targetHints":{"allow":["GET"]}}],"collection":[{"href":"https:\/\/www.smith.care\/de\/wp-json\/wp\/v2\/posts"}],"about":[{"href":"https:\/\/www.smith.care\/de\/wp-json\/wp\/v2\/types\/post"}],"author":[{"embeddable":true,"href":"https:\/\/www.smith.care\/de\/wp-json\/wp\/v2\/users\/5"}],"replies":[{"embeddable":true,"href":"https:\/\/www.smith.care\/de\/wp-json\/wp\/v2\/comments?post=15123"}],"version-history":[{"count":3,"href":"https:\/\/www.smith.care\/de\/wp-json\/wp\/v2\/posts\/15123\/revisions"}],"predecessor-version":[{"id":15126,"href":"https:\/\/www.smith.care\/de\/wp-json\/wp\/v2\/posts\/15123\/revisions\/15126"}],"wp:featuredmedia":[{"embeddable":true,"href":"https:\/\/www.smith.care\/de\/wp-json\/wp\/v2\/media\/15121"}],"wp:attachment":[{"href":"https:\/\/www.smith.care\/de\/wp-json\/wp\/v2\/media?parent=15123"}],"wp:term":[{"taxonomy":"category","embeddable":true,"href":"https:\/\/www.smith.care\/de\/wp-json\/wp\/v2\/categories?post=15123"},{"taxonomy":"post_tag","embeddable":true,"href":"https:\/\/www.smith.care\/de\/wp-json\/wp\/v2\/tags?post=15123"}],"curies":[{"name":"wp","href":"https:\/\/api.w.org\/{rel}","templated":true}]}}