{"id":18272,"date":"2023-05-16T16:07:41","date_gmt":"2023-05-16T14:07:41","guid":{"rendered":"https:\/\/www.smith.care\/?p=18272"},"modified":"2023-05-16T16:39:37","modified_gmt":"2023-05-16T14:39:37","slug":"medizininformatik-initiative-oeffnet-forschungsdatenportal-fuer-gesundheit","status":"publish","type":"post","link":"https:\/\/www.smith.care\/de\/2023\/05\/16\/medizininformatik-initiative-oeffnet-forschungsdatenportal-fuer-gesundheit\/","title":{"rendered":"Medizininformatik-Initiative \u00f6ffnet Forschungsdatenportal f\u00fcr Gesundheit"},"content":{"rendered":"\n<p><strong>Medizinische Forschung: Gesundheitsdaten zentral beantragen<\/strong><\/p>\n\n\n\n<p><em>Pressemitteilung der Medizininformatik-Initiative \/ TMF e. V. | 16.05.2023<\/em><\/p>\n\n\n\n<p>Beim Deutschen Forschungsdatenportal f\u00fcr Gesundheit (FDPG) k\u00f6nnen Forschende Gesundheitsdaten und Bioproben der deutschen Universit\u00e4tsmedizin zentral f\u00fcr wissenschaftliche Untersuchungen beantragen. Das Portal wurde innerhalb der <a rel=\"noreferrer noopener\" href=\"https:\/\/www.medizininformatik-initiative.de\/de\/start\" target=\"_blank\">Medizininformatik-Initiative (MII)<\/a> entwickelt und im September 2022 ver\u00f6ffentlicht. Seit Mitte Mai steht es nun auch Forschenden zur Verf\u00fcgung, die nicht an der MII beteiligt sind.<\/p>\n\n\n\n<p>Im Rahmen der MII, gef\u00f6rdert vom Bundesministerium f\u00fcr Bildung und Forschung, wurden an \u00fcber 30 universit\u00e4tsmedizinischen Standorten bundesweit Datenintegrationszentren aufgebaut. Diese Einrichtungen stellen Patientendaten und Bioproben aus der Routineversorgung datenschutzgerecht f\u00fcr die medizinische Forschung bereit. \u201eDas FDPG bietet erstmals eine zentrale Anlaufstelle, um die verf\u00fcgbaren Datenbest\u00e4nde aus der Versorgungsdokumentation aller deutschen Universit\u00e4tskliniken abzufragen und zu beantragen. Das ist ein enormer Vorteil f\u00fcr die Forschung und das Gesundheitssystem in Deutschland\u201c, sagt Sebastian C. Semler, Gesch\u00e4ftsf\u00fchrer der TMF \u2013 Technologie- und Methodenplattform f\u00fcr die vernetzte medizinische Forschung e.V. und Leiter der gemeinsam mit dem Medizinischen Fakult\u00e4tentag und dem Verband der Universit\u00e4tsklinika betriebenen MII-Koordinationsstelle. Das Portal wird gemeinsam von allen Partnern in der MII entwickelt und von der TMF betrieben.<\/p>\n\n\n\n<p><a rel=\"noreferrer noopener\" href=\"https:\/\/www.medizininformatik-initiative.de\/de\/medizinische-forschung-gesundheitsdaten-zentral-beantragen\" target=\"_blank\">Zur Pressemitteilung der Medizininformatik-Initiative \/ TMF e. V. | 16.05.2023<\/a><\/p>\n\n\n\n<p><a rel=\"noreferrer noopener\" href=\"https:\/\/forschen-fuer-gesundheit.de\/index.php\" target=\"_blank\">Zum Deutschen Forschungdatenportal f\u00fcr Gesundheit (FDPG) <\/a><\/p>\n","protected":false},"excerpt":{"rendered":"<p>Beim Deutschen Forschungsdatenportal f\u00fcr Gesundheit (FDPG) k\u00f6nnen Forschende Gesundheitsdaten und Bioproben der deutschen Universit\u00e4tsmedizin zentral f\u00fcr wissenschaftliche Untersuchungen beantragen. Das Portal wurde innerhalb der Medizininformatik-Initiative (MII) entwickelt und im September 2022 ver\u00f6ffentlicht. Seit Mitte Mai steht es nun auch Forschenden zur Verf\u00fcgung, die nicht an der MII beteiligt sind.<\/p>\n","protected":false},"author":14,"featured_media":9171,"comment_status":"closed","ping_status":"closed","sticky":false,"template":"","format":"standard","meta":{"footnotes":""},"categories":[22],"tags":[],"class_list":["post-18272","post","type-post","status-publish","format-standard","has-post-thumbnail","hentry","category-pressemitteilungen"],"_links":{"self":[{"href":"https:\/\/www.smith.care\/de\/wp-json\/wp\/v2\/posts\/18272","targetHints":{"allow":["GET"]}}],"collection":[{"href":"https:\/\/www.smith.care\/de\/wp-json\/wp\/v2\/posts"}],"about":[{"href":"https:\/\/www.smith.care\/de\/wp-json\/wp\/v2\/types\/post"}],"author":[{"embeddable":true,"href":"https:\/\/www.smith.care\/de\/wp-json\/wp\/v2\/users\/14"}],"replies":[{"embeddable":true,"href":"https:\/\/www.smith.care\/de\/wp-json\/wp\/v2\/comments?post=18272"}],"version-history":[{"count":6,"href":"https:\/\/www.smith.care\/de\/wp-json\/wp\/v2\/posts\/18272\/revisions"}],"predecessor-version":[{"id":18278,"href":"https:\/\/www.smith.care\/de\/wp-json\/wp\/v2\/posts\/18272\/revisions\/18278"}],"wp:featuredmedia":[{"embeddable":true,"href":"https:\/\/www.smith.care\/de\/wp-json\/wp\/v2\/media\/9171"}],"wp:attachment":[{"href":"https:\/\/www.smith.care\/de\/wp-json\/wp\/v2\/media?parent=18272"}],"wp:term":[{"taxonomy":"category","embeddable":true,"href":"https:\/\/www.smith.care\/de\/wp-json\/wp\/v2\/categories?post=18272"},{"taxonomy":"post_tag","embeddable":true,"href":"https:\/\/www.smith.care\/de\/wp-json\/wp\/v2\/tags?post=18272"}],"curies":[{"name":"wp","href":"https:\/\/api.w.org\/{rel}","templated":true}]}}